{"id":10422,"date":"2020-10-08T00:00:00","date_gmt":"2020-10-07T22:00:00","guid":{"rendered":"https:\/\/suw-steuerberatung.de\/home-office-waehrend-der-corona-pandemie-steuerliche-gestaltungsmoeglichkeiten\/"},"modified":"2024-01-18T22:33:50","modified_gmt":"2024-01-18T20:33:50","slug":"home-office-waehrend-der-corona-pandemie-steuerliche-gestaltungsmoeglichkeiten","status":"publish","type":"post","link":"https:\/\/suw-steuerberatung.de\/en\/home-office-waehrend-der-corona-pandemie-steuerliche-gestaltungsmoeglichkeiten\/","title":{"rendered":"Home Office w\u00e4hrend der Corona-Pandemie: Steuerliche Gestaltungsm\u00f6glichkeiten"},"content":{"rendered":"\r\n<h2 class=\"wp-block-heading\">Hintergrund<\/h2>\r\n\r\n\r\n\r\n<p>Das Bundesfinanzministerium (BMF) ist der Auffassung, dass Aufwendungen f\u00fcr das h\u00e4usliche Arbeitszimmer w\u00e4hrend der Corona-Pandemie grunds\u00e4tzlich nicht abzugsf\u00e4hig sind und ausnahmsweise nur dann abgezogen werden k\u00f6nnen, wenn das h\u00e4usliche Arbeitszimmer den Mittelpunkt der gesamten betrieblichen und beruflichen Bet\u00e4tigung bildet.<\/p>\r\n\r\n\r\n\r\n<p>Es bestehen dennoch auch ohne Vorliegen eines Mittelpunktfalls <strong>weitere Abzugsm\u00f6glichkeiten f\u00fcr Heimarbeit<\/strong> sowie Gestaltungsm\u00f6glichkeiten im Bereich der <strong>Gew\u00e4hrung von B\u00fcrokostenzusch\u00fcssen an Mitarbeiter im Home Office<\/strong>.<\/p>\r\n\r\n\r\n\r\n<h2 class=\"wp-block-heading\" id=\"headline-id0\">Abzugsm\u00f6glichkeiten der Aufwendungen<\/h2>\r\n\r\n\r\n\r\n<p>F\u00fcr Zeitr\u00e4ume der vereinbarten Heimarbeit w\u00e4hrend der Corona-Pandemie kommt ein Abzug von Aufwendungen f\u00fcr das h\u00e4usliche Arbeitszimmer bei Vorliegen eines Mittelpunktsfalls in unbeschr\u00e4nkter H\u00f6he in Betracht. Dabei bildet das Arbeitszimmer dann den <strong>Mittelpunkt der T\u00e4tigkeit<\/strong>, wenn die f\u00fcr die ausge\u00fcbte T\u00e4tigkeit wesentlichen und pr\u00e4genden Handlungen zwar nicht zwingend permanent, aber zumindest an <strong>wenigstens drei von f\u00fcnf Arbeitstagen pro Woche dort ausge\u00fcbt werden<\/strong>. Bei weniger als drei Arbeitstagen w\u00f6chentlich im Home Office kann ein Abzug von Aufwendungen in nachgewiesener H\u00f6he bis EUR 1.250 erfolgen, wenn ein anderer Arbeitsplatz fehlt, z.\u00a0B. weil die Besetzung in Mehrpersonenb\u00fcros zur Infektionsvermeidung nicht vollst\u00e4ndig m\u00f6glich ist. <strong>Steht ein anderer Arbeitsplatz zur Verf\u00fcgung<\/strong>, der aber nicht genutzt wird, oder fehlt es an einem abgeschlossenen Arbeitszimmer, <strong>bleibt nur der Abzug der Aufwendungen f\u00fcr Arbeitsmittel<\/strong>.<\/p>\r\n\r\n\r\n\r\n<h2 class=\"wp-block-heading\" id=\"headline-id1\">B\u00fcrokostenzuschuss<\/h2>\r\n\r\n\r\n\r\n<p>Zahlt der Arbeitgeber f\u00fcr das h\u00e4usliche Arbeitszimmer einen B\u00fcrokostenzuschuss, stellt ein derartiger Zuschuss wegen eines \u00fcberwiegenden Arbeitnehmerinteresses bisher Arbeitslohn dar, kann sich diese Interessenlage durch die Corona-Pandemie \u00e4ndern.<\/p>\r\n\r\n\r\n\r\n<p><strong>Wenn Heimarbeit zur Vermeidung von Infektionsrisiken im B\u00fcro angeordnet wird<\/strong>, dient das Arbeitszimmer<strong> vorrangig dem betrieblichen Interesse des Arbeitgebers<\/strong>, das dann \u00fcber die Entlohnung der blo\u00dfen Arbeitsleistung hinausgeht. Somit liegen <strong>Eink\u00fcnfte aus Vermietung und Verpachtung <\/strong>vor und <strong>s\u00e4mtliche Werbungskosten sind unbegrenzt abzugsf\u00e4hig<\/strong>.<\/p>\r\n\r\n\r\n\r\n<p>F\u00fcr R\u00fcckfragen stehen wir Ihnen gerne zur Verf\u00fcgung.<\/p>\r\n\r\n\r\n\r\n<p>Quelle: NWB<\/p>\r\n\r\n\r\n\r\n<p>Photo: Candid Shots, Pixabay<\/p>\r\n","protected":false},"excerpt":{"rendered":"<p>Hintergrund Das Bundesfinanzministerium (BMF) ist der Auffassung, dass Aufwendungen f\u00fcr das h\u00e4usliche Arbeitszimmer w\u00e4hrend der Corona-Pandemie grunds\u00e4tzlich nicht abzugsf\u00e4hig sind und ausnahmsweise nur dann abgezogen werden k\u00f6nnen, wenn das h\u00e4usliche Arbeitszimmer den Mittelpunkt der gesamten betrieblichen und beruflichen Bet\u00e4tigung bildet. Es bestehen dennoch auch ohne Vorliegen eines Mittelpunktfalls weitere Abzugsm\u00f6glichkeiten f\u00fcr Heimarbeit sowie Gestaltungsm\u00f6glichkeiten im Bereich der Gew\u00e4hrung von B\u00fcrokostenzusch\u00fcssen [&hellip;]<\/p>\n","protected":false},"author":1,"featured_media":0,"comment_status":"open","ping_status":"open","sticky":false,"template":"","format":"standard","meta":{"footnotes":""},"categories":[507],"tags":[],"aioseo_notices":[],"cp_meta_data":{"_wp_page_template":["default"],"_wpml_media_featured":["1"],"_wpml_media_duplicate":["0"],"_edit_lock":["1705609898:1"],"_edit_last":["1"],"_pingme":["1"],"_encloseme":["1"],"_customize_sidebars":["yes"],"_wpb_vc_js_status":["false"],"_aioseo_title":[null],"_aioseo_description":[null],"_aioseo_keywords":[""],"_aioseo_og_title":[null],"_aioseo_og_description":[null],"_aioseo_og_article_section":[""],"_aioseo_og_article_tags":[""],"_aioseo_twitter_title":[null],"_aioseo_twitter_description":[null],"_wpml_word_count":["{\"total\":300,\"to_translate\":{\"de\":300,\"ja\":300}}"],"_wpml_location_migration_done":["1"]},"_links":{"self":[{"href":"https:\/\/suw-steuerberatung.de\/en\/wp-json\/wp\/v2\/posts\/10422"}],"collection":[{"href":"https:\/\/suw-steuerberatung.de\/en\/wp-json\/wp\/v2\/posts"}],"about":[{"href":"https:\/\/suw-steuerberatung.de\/en\/wp-json\/wp\/v2\/types\/post"}],"author":[{"embeddable":true,"href":"https:\/\/suw-steuerberatung.de\/en\/wp-json\/wp\/v2\/users\/1"}],"replies":[{"embeddable":true,"href":"https:\/\/suw-steuerberatung.de\/en\/wp-json\/wp\/v2\/comments?post=10422"}],"version-history":[{"count":2,"href":"https:\/\/suw-steuerberatung.de\/en\/wp-json\/wp\/v2\/posts\/10422\/revisions"}],"predecessor-version":[{"id":13002,"href":"https:\/\/suw-steuerberatung.de\/en\/wp-json\/wp\/v2\/posts\/10422\/revisions\/13002"}],"wp:attachment":[{"href":"https:\/\/suw-steuerberatung.de\/en\/wp-json\/wp\/v2\/media?parent=10422"}],"wp:term":[{"taxonomy":"category","embeddable":true,"href":"https:\/\/suw-steuerberatung.de\/en\/wp-json\/wp\/v2\/categories?post=10422"},{"taxonomy":"post_tag","embeddable":true,"href":"https:\/\/suw-steuerberatung.de\/en\/wp-json\/wp\/v2\/tags?post=10422"}],"curies":[{"name":"wp","href":"https:\/\/api.w.org\/{rel}","templated":true}]}}